{"id":1558,"date":"2017-10-19T09:02:26","date_gmt":"2017-10-19T07:02:26","guid":{"rendered":"http:\/\/www.tracciati.eu\/tracciatieditore\/?p=1558"},"modified":"2017-12-01T10:42:55","modified_gmt":"2017-12-01T09:42:55","slug":"dammi-cinque-piccole-storie-un-nuovo-tassello-della-collana-i-tralci","status":"publish","type":"post","link":"https:\/\/shop.tracciatieditore.it\/index.php\/2017\/10\/19\/dammi-cinque-piccole-storie-un-nuovo-tassello-della-collana-i-tralci\/","title":{"rendered":"Dammi cinque (piccole storie)&#8230; un nuovo tassello della collana I Tralci"},"content":{"rendered":"<p>Cinque racconti che si ispirano ad altrettante storie vere: \u00e8 lo scopo della collana &#8220;I Tralci&#8221; di Tracciati editore. Ed \u00e8 quanto hanno voluto fare i cinque autori di questo breve ma prezioso volumetto:\u00a0 <a href=\"http:\/\/www.tracciati.eu\/tracciatieditore\/index.php\/2013\/11\/28\/paolo-meneghini\/\">Paolo Meneghini<\/a>, <a href=\"http:\/\/www.tracciati.eu\/tracciatieditore\/index.php\/2013\/12\/18\/giovanni-rattini\/\">Giovanni Rattini<\/a>, <a href=\"http:\/\/www.tracciati.eu\/tracciatieditore\/index.php\/2013\/11\/28\/anna-trevisan\/\">Anna Trevisan<\/a>, <a href=\"http:\/\/www.tracciati.eu\/tracciatieditore\/index.php\/2017\/05\/12\/lodovica-vendemiati\/\">Lodovica Vendemiati<\/a>, <a href=\"http:\/\/www.tracciati.eu\/tracciatieditore\/index.php\/2017\/05\/12\/alberto-zanella\/\">Alberto Zanella<\/a>.<\/p>\n<p><a href=\"http:\/\/www.tracciati.eu\/tracciatieditore\/wp-content\/uploads\/2017\/10\/Cop-DAMMI5-br.jpg\"><img loading=\"lazy\" decoding=\"async\" class=\"alignright wp-image-1554 size-medium\" src=\"http:\/\/www.tracciati.eu\/tracciatieditore\/wp-content\/uploads\/2017\/10\/Cop-DAMMI5-br-193x300.jpg\" alt=\"\" width=\"193\" height=\"300\" srcset=\"https:\/\/shop.tracciatieditore.it\/wp-content\/uploads\/2017\/10\/Cop-DAMMI5-br-193x300.jpg 193w, https:\/\/shop.tracciatieditore.it\/wp-content\/uploads\/2017\/10\/Cop-DAMMI5-br-320x498.jpg 320w, https:\/\/shop.tracciatieditore.it\/wp-content\/uploads\/2017\/10\/Cop-DAMMI5-br-480x746.jpg 480w, https:\/\/shop.tracciatieditore.it\/wp-content\/uploads\/2017\/10\/Cop-DAMMI5-br-768x1194.jpg 768w, https:\/\/shop.tracciatieditore.it\/wp-content\/uploads\/2017\/10\/Cop-DAMMI5-br-659x1024.jpg 659w, https:\/\/shop.tracciatieditore.it\/wp-content\/uploads\/2017\/10\/Cop-DAMMI5-br-64x100.jpg 64w, https:\/\/shop.tracciatieditore.it\/wp-content\/uploads\/2017\/10\/Cop-DAMMI5-br.jpg 957w\" sizes=\"auto, (max-width: 193px) 100vw, 193px\" \/><\/a>La cinquina di racconti \u00e8 l&#8217;ideale prosecuzione dell&#8217;altro libro, &#8220;<a href=\"http:\/\/www.tracciati.eu\/tracciatieditore\/index.php\/2014\/04\/09\/tre-damore\/\">Tre d&#8217;amore<\/a>&#8220;, in cui erano gi\u00e0 presenti tre degli autori che, ora, riprongono una nuova storia. Il filo conduttore, stavolta, \u00e8 una sorta di complilcit\u00e0, di solidariet\u00e0 concreta, ispirata a un gesto ormai comune, il &#8220;Dammi cinque&#8221;. Ecco cosa ne dicono gli autori:<\/p>\n<p>\u00abGettare il cuore oltre l\u2019ostacolo e poi sull\u2019onda dell\u2019entusiasmo, con un gesto destinato a passare alla storia, cercare istintivamente la mano del compagno chiedendo con la complicit\u00e0 degli occhi \u201cdammi cinque\u201d: quel moto di commozione, il primo high five decolla il 2 ottobre 1977 dal diamante di Los Angeles durante una partita di baseball tra i Dodgers e gli Astros di Houston.<br \/>\nTutte le piccole storie, prima di essere ascoltate e poi magari raccontate di nuovo per diventare grandi, hanno bisogno di essere avvicinate con discrezione lontano dai riflettori, toccate con mano, sfiorate con il cuore. Un contatto che, per qualche secondo, consente<br \/>\ndi gettare un ponte tra due persone: l\u2019incontro tra mani che si afferrano, tra dita che si chiudono in un minuscolo abbraccio sul quale, dalla comune volont\u00e0, \u00e8 possibile costruire un nuovo rapporto. \u00c8 questo l\u2019humus dal quale possono germogliare nuove amicizie, il terreno dove far maturare quelle condizioni che permettono di raccontare la propria storia a qualcun altro che, un giorno, decide di trasferirla dal suo cuore a un foglio di carta.\u00bb<\/p>\n<p><em>Prefazione di Ivan Grozny Compasso<\/em><br \/>\n<em>Tracciati editore, 2017, pag. 84, euro 10,00.<br \/>\n<\/em><\/p>\n<p><a href=\"http:\/\/www.tracciati.eu\/tracciatieditore\/index.php\/prodotto\/dammi-cinque-piccole-storie\/\">Acquista ora<\/a><\/p>\n","protected":false},"excerpt":{"rendered":"<p>Cinque racconti che si ispirano ad altrettante storie vere: \u00e8 lo scopo della collana &#8220;I Tralci&#8221; di Tracciati editore. Ed \u00e8 quanto hanno voluto fare i cinque autori di questo breve ma prezioso volumetto:\u00a0 Paolo Meneghini, Giovanni Rattini, Anna Trevisan, Lodovica Vendemiati, Alberto Zanella. La cinquina di racconti \u00e8 l&#8217;ideale prosecuzione dell&#8217;altro libro, &#8220;Tre d&#8217;amore&#8220;, in cui erano gi\u00e0 presenti &hellip;<\/p>\n","protected":false},"author":1,"featured_media":1554,"comment_status":"open","ping_status":"open","sticky":false,"template":"","format":"standard","meta":{"footnotes":""},"categories":[64,3,79],"tags":[154,62,49,153,66],"class_list":["post-1558","post","type-post","status-publish","format-standard","has-post-thumbnail","hentry","category-i-tralci","category-i-nostri-libri","category-ultimi-articoli","tag-alberto-zanella","tag-anna-trevisan","tag-giovanni-rattini","tag-lodovica-vendemiati","tag-paolo-meneghini","archive-loop-container"],"_links":{"self":[{"href":"https:\/\/shop.tracciatieditore.it\/index.php\/wp-json\/wp\/v2\/posts\/1558","targetHints":{"allow":["GET"]}}],"collection":[{"href":"https:\/\/shop.tracciatieditore.it\/index.php\/wp-json\/wp\/v2\/posts"}],"about":[{"href":"https:\/\/shop.tracciatieditore.it\/index.php\/wp-json\/wp\/v2\/types\/post"}],"author":[{"embeddable":true,"href":"https:\/\/shop.tracciatieditore.it\/index.php\/wp-json\/wp\/v2\/users\/1"}],"replies":[{"embeddable":true,"href":"https:\/\/shop.tracciatieditore.it\/index.php\/wp-json\/wp\/v2\/comments?post=1558"}],"version-history":[{"count":8,"href":"https:\/\/shop.tracciatieditore.it\/index.php\/wp-json\/wp\/v2\/posts\/1558\/revisions"}],"predecessor-version":[{"id":1807,"href":"https:\/\/shop.tracciatieditore.it\/index.php\/wp-json\/wp\/v2\/posts\/1558\/revisions\/1807"}],"wp:featuredmedia":[{"embeddable":true,"href":"https:\/\/shop.tracciatieditore.it\/index.php\/wp-json\/wp\/v2\/media\/1554"}],"wp:attachment":[{"href":"https:\/\/shop.tracciatieditore.it\/index.php\/wp-json\/wp\/v2\/media?parent=1558"}],"wp:term":[{"taxonomy":"category","embeddable":true,"href":"https:\/\/shop.tracciatieditore.it\/index.php\/wp-json\/wp\/v2\/categories?post=1558"},{"taxonomy":"post_tag","embeddable":true,"href":"https:\/\/shop.tracciatieditore.it\/index.php\/wp-json\/wp\/v2\/tags?post=1558"}],"curies":[{"name":"wp","href":"https:\/\/api.w.org\/{rel}","templated":true}]}}