{"id":1587,"date":"2017-12-18T19:02:02","date_gmt":"2017-12-18T18:02:02","guid":{"rendered":"http:\/\/www.tracciati.eu\/tracciatieditore\/?p=1587"},"modified":"2018-11-05T11:36:24","modified_gmt":"2018-11-05T10:36:24","slug":"endaiin-di-viviana-zanella","status":"publish","type":"post","link":"https:\/\/shop.tracciatieditore.it\/index.php\/2017\/12\/18\/endaiin-di-viviana-zanella\/","title":{"rendered":"Endaiin di Viviana Zanella"},"content":{"rendered":"<p><strong>Viviana Zanella<\/strong><br \/>\n<strong><span style=\"color: #993300;\">Endaiin<\/span><\/strong><br \/>\n<em>Tracciati editore, 576 pag, euro 22,00<\/em><\/p>\n<p><a href=\"http:\/\/www.tracciati.eu\/tracciatieditore\/index.php\/prodotto\/endaiin\/\">ACQUISTA ORA<\/a><\/p>\n<p>All\u2019alba di una fredda mattina di primavera, un cavaliere si affaccia al valico di Gherdelin. Viene per scongiurare una guerra, ma oscure trame e l\u2019ombra di un antico tradimento pesano sull\u2019esito della sua missione.<\/p>\n<p><img loading=\"lazy\" decoding=\"async\" class=\"alignleft size-medium wp-image-1588\" src=\"http:\/\/www.tracciati.eu\/tracciatieditore\/wp-content\/uploads\/2017\/12\/ENDAIIN_cop-193x300.jpg\" alt=\"\" width=\"193\" height=\"300\" srcset=\"https:\/\/shop.tracciatieditore.it\/wp-content\/uploads\/2017\/12\/ENDAIIN_cop-193x300.jpg 193w, https:\/\/shop.tracciatieditore.it\/wp-content\/uploads\/2017\/12\/ENDAIIN_cop-320x498.jpg 320w, https:\/\/shop.tracciatieditore.it\/wp-content\/uploads\/2017\/12\/ENDAIIN_cop-480x747.jpg 480w, https:\/\/shop.tracciatieditore.it\/wp-content\/uploads\/2017\/12\/ENDAIIN_cop-768x1195.jpg 768w, https:\/\/shop.tracciatieditore.it\/wp-content\/uploads\/2017\/12\/ENDAIIN_cop-658x1024.jpg 658w, https:\/\/shop.tracciatieditore.it\/wp-content\/uploads\/2017\/12\/ENDAIIN_cop-64x100.jpg 64w, https:\/\/shop.tracciatieditore.it\/wp-content\/uploads\/2017\/12\/ENDAIIN_cop.jpg 797w\" sizes=\"auto, (max-width: 193px) 100vw, 193px\" \/>Nello scenario di una natura maestosa in cui si muovono nemici oscuri e poteri misteriosi, guerrieri e Veggenti, il cavaliere metter\u00e0 a rischio ogni cosa per mantenere una fragile pace che gli diverr\u00e0 ancor pi\u00f9 cara quando, proprio tra coloro che dovrebbero essergli ostili, scoprir\u00e0 le sue radici e la sua identit\u00e0\u2026<\/p>\n<p>Una storia ambientata in un mondo fantastico ma straordinariamente attuale. Da leggere tutta d\u2019un fiato.<\/p>\n<p><a href=\"http:\/\/www.tracciati.eu\/tracciatieditore\/index.php\/2017\/01\/18\/viviana-zanella\/\">Scheda dell&#8217;autrice<\/a><\/p>\n<p>Novit\u00e0: <a href=\"http:\/\/www.tracciati.eu\/tracciatieditore\/index.php\/2018\/02\/06\/endaiin-la-mappa-e-i-nomi\/\" target=\"_blank\" rel=\"noopener\">La mappa e i nomi<\/a><\/p>\n","protected":false},"excerpt":{"rendered":"<p>Viviana Zanella Endaiin Tracciati editore, 576 pag, euro 22,00 ACQUISTA ORA All\u2019alba di una fredda mattina di primavera, un cavaliere si affaccia al valico di Gherdelin. Viene per scongiurare una guerra, ma oscure trame e l\u2019ombra di un antico tradimento pesano sull\u2019esito della sua missione. Nello scenario di una natura maestosa in cui si muovono nemici oscuri e poteri misteriosi, &hellip;<\/p>\n","protected":false},"author":1,"featured_media":1588,"comment_status":"open","ping_status":"open","sticky":false,"template":"","format":"standard","meta":{"footnotes":""},"categories":[45,3],"tags":[],"class_list":["post-1587","post","type-post","status-publish","format-standard","has-post-thumbnail","hentry","category-altre-proposte","category-i-nostri-libri","archive-loop-container"],"_links":{"self":[{"href":"https:\/\/shop.tracciatieditore.it\/index.php\/wp-json\/wp\/v2\/posts\/1587","targetHints":{"allow":["GET"]}}],"collection":[{"href":"https:\/\/shop.tracciatieditore.it\/index.php\/wp-json\/wp\/v2\/posts"}],"about":[{"href":"https:\/\/shop.tracciatieditore.it\/index.php\/wp-json\/wp\/v2\/types\/post"}],"author":[{"embeddable":true,"href":"https:\/\/shop.tracciatieditore.it\/index.php\/wp-json\/wp\/v2\/users\/1"}],"replies":[{"embeddable":true,"href":"https:\/\/shop.tracciatieditore.it\/index.php\/wp-json\/wp\/v2\/comments?post=1587"}],"version-history":[{"count":9,"href":"https:\/\/shop.tracciatieditore.it\/index.php\/wp-json\/wp\/v2\/posts\/1587\/revisions"}],"predecessor-version":[{"id":1617,"href":"https:\/\/shop.tracciatieditore.it\/index.php\/wp-json\/wp\/v2\/posts\/1587\/revisions\/1617"}],"wp:featuredmedia":[{"embeddable":true,"href":"https:\/\/shop.tracciatieditore.it\/index.php\/wp-json\/wp\/v2\/media\/1588"}],"wp:attachment":[{"href":"https:\/\/shop.tracciatieditore.it\/index.php\/wp-json\/wp\/v2\/media?parent=1587"}],"wp:term":[{"taxonomy":"category","embeddable":true,"href":"https:\/\/shop.tracciatieditore.it\/index.php\/wp-json\/wp\/v2\/categories?post=1587"},{"taxonomy":"post_tag","embeddable":true,"href":"https:\/\/shop.tracciatieditore.it\/index.php\/wp-json\/wp\/v2\/tags?post=1587"}],"curies":[{"name":"wp","href":"https:\/\/api.w.org\/{rel}","templated":true}]}}