{"id":1596,"date":"2017-01-18T19:09:23","date_gmt":"2017-01-18T18:09:23","guid":{"rendered":"http:\/\/www.tracciati.eu\/tracciatieditore\/?p=1596"},"modified":"2017-12-18T19:10:57","modified_gmt":"2017-12-18T18:10:57","slug":"viviana-zanella","status":"publish","type":"post","link":"https:\/\/shop.tracciatieditore.it\/index.php\/2017\/01\/18\/viviana-zanella\/","title":{"rendered":"Viviana Zanella"},"content":{"rendered":"<p><strong>Viviana Zanella<\/strong> \u00e8 nata nel 1960 a Feltre. Nel 1984 si \u00e8 laureata in Lingua e Letteratura Tedesca con una tesi di filologia comparata; la passione per la scrittura risale per\u00f2 alle scuole elementari, mentre quella per le storie, da ascoltare, da inventare e raccontare, risale alla prima infanzia, quando Giuliana, un po\u2019 cugina grande, un po\u2019 seconda mamma, la portava a passeggiare nei boschi intorno a casa raccontando storie di nani e principi&#8230; <a href=\"http:\/\/www.tracciati.eu\/tracciatieditore\/index.php\/2017\/12\/18\/endaiin-di-viviana-zanella\/\">Endaiin<\/a> \u00e8 il suo primo romanzo.<\/p>\n","protected":false},"excerpt":{"rendered":"<p>Viviana Zanella \u00e8 nata nel 1960 a Feltre. Nel 1984 si \u00e8 laureata in Lingua e Letteratura Tedesca con una tesi di filologia comparata; la passione per la scrittura risale per\u00f2 alle scuole elementari, mentre quella per le storie, da ascoltare, da inventare e raccontare, risale alla prima infanzia, quando Giuliana, un po\u2019 cugina grande, un po\u2019 seconda mamma, la &hellip;<\/p>\n","protected":false},"author":1,"featured_media":0,"comment_status":"open","ping_status":"open","sticky":false,"template":"","format":"standard","meta":{"footnotes":""},"categories":[101],"tags":[],"class_list":["post-1596","post","type-post","status-publish","format-standard","hentry","category-i-nostri-autori","archive-loop-container"],"_links":{"self":[{"href":"https:\/\/shop.tracciatieditore.it\/index.php\/wp-json\/wp\/v2\/posts\/1596","targetHints":{"allow":["GET"]}}],"collection":[{"href":"https:\/\/shop.tracciatieditore.it\/index.php\/wp-json\/wp\/v2\/posts"}],"about":[{"href":"https:\/\/shop.tracciatieditore.it\/index.php\/wp-json\/wp\/v2\/types\/post"}],"author":[{"embeddable":true,"href":"https:\/\/shop.tracciatieditore.it\/index.php\/wp-json\/wp\/v2\/users\/1"}],"replies":[{"embeddable":true,"href":"https:\/\/shop.tracciatieditore.it\/index.php\/wp-json\/wp\/v2\/comments?post=1596"}],"version-history":[{"count":1,"href":"https:\/\/shop.tracciatieditore.it\/index.php\/wp-json\/wp\/v2\/posts\/1596\/revisions"}],"predecessor-version":[{"id":1597,"href":"https:\/\/shop.tracciatieditore.it\/index.php\/wp-json\/wp\/v2\/posts\/1596\/revisions\/1597"}],"wp:attachment":[{"href":"https:\/\/shop.tracciatieditore.it\/index.php\/wp-json\/wp\/v2\/media?parent=1596"}],"wp:term":[{"taxonomy":"category","embeddable":true,"href":"https:\/\/shop.tracciatieditore.it\/index.php\/wp-json\/wp\/v2\/categories?post=1596"},{"taxonomy":"post_tag","embeddable":true,"href":"https:\/\/shop.tracciatieditore.it\/index.php\/wp-json\/wp\/v2\/tags?post=1596"}],"curies":[{"name":"wp","href":"https:\/\/api.w.org\/{rel}","templated":true}]}}