{"id":441,"date":"2013-11-28T16:52:53","date_gmt":"2013-11-28T15:52:53","guid":{"rendered":"http:\/\/www.tracciati.eu\/?p=441"},"modified":"2017-10-19T09:32:41","modified_gmt":"2017-10-19T07:32:41","slug":"paolo-meneghini","status":"publish","type":"post","link":"https:\/\/shop.tracciatieditore.it\/index.php\/2013\/11\/28\/paolo-meneghini\/","title":{"rendered":"Paolo Meneghini"},"content":{"rendered":"<p>Paolo Meneghini \u00e8 nato a Thiene (Vi) e da l\u00ec si sposta per conoscere coriandoli di mondo. Nel 2006 ha stampato <em>Equilibrismi<\/em>, diario di viaggio dell\u2019esperienza vissuta in Brasile che ha ricevuto la \u201cMenzione d\u2019Onore\u201d dalla Giuria del Premio nazionale dell\u2019archivio diaristico La Lanterna Bianca. Nel 2008 si \u00e8 ricordato della sua passione per la scrittura e ha iniziato a comporre racconti e poesie che hanno ricevuto segnalazioni e premi in diversi concorsi letterari.<br \/>\nDal 2011 cammina con la redazione vicentina del mensile <em>Scarp de\u2019 Tenis<\/em>, progetto di Caritas Ambrosiana che si propone di sostenere le persone in difficolt\u00e0 e senza dimora e che racconta la realt\u00e0 dal punto di vista della strada. Per Tracciati ha scritto un racconto nei volumi a pi\u00f9 mani <em><a href=\"http:\/\/www.tracciati.eu\/tracciatieditore\/index.php\/2014\/04\/09\/tre-damore\/\">Tre d&#8217;amore<\/a><\/em> (2014) e <em><a href=\"http:\/\/www.tracciati.eu\/tracciatieditore\/index.php\/2017\/10\/19\/dammi-cinque-piccole-storie-un-nuovo-tassello-della-collana-i-tralci\/\">Dammi cinque (piccole storie)<\/a> <\/em>(2017).<\/p>\n","protected":false},"excerpt":{"rendered":"<p>Paolo Meneghini \u00e8 nato a Thiene (Vi) e da l\u00ec si sposta per conoscere coriandoli di mondo. Nel 2006 ha stampato Equilibrismi, diario di viaggio dell\u2019esperienza vissuta in Brasile che ha ricevuto la \u201cMenzione d\u2019Onore\u201d dalla Giuria del Premio nazionale dell\u2019archivio diaristico La Lanterna Bianca. Nel 2008 si \u00e8 ricordato della sua passione per la scrittura e ha iniziato a &hellip;<\/p>\n","protected":false},"author":1,"featured_media":0,"comment_status":"open","ping_status":"open","sticky":false,"template":"","format":"standard","meta":{"footnotes":""},"categories":[101],"tags":[160,66,103],"class_list":["post-441","post","type-post","status-publish","format-standard","hentry","category-i-nostri-autori","tag-dammi-cinque","tag-paolo-meneghini","tag-tre-damore","archive-loop-container"],"_links":{"self":[{"href":"https:\/\/shop.tracciatieditore.it\/index.php\/wp-json\/wp\/v2\/posts\/441","targetHints":{"allow":["GET"]}}],"collection":[{"href":"https:\/\/shop.tracciatieditore.it\/index.php\/wp-json\/wp\/v2\/posts"}],"about":[{"href":"https:\/\/shop.tracciatieditore.it\/index.php\/wp-json\/wp\/v2\/types\/post"}],"author":[{"embeddable":true,"href":"https:\/\/shop.tracciatieditore.it\/index.php\/wp-json\/wp\/v2\/users\/1"}],"replies":[{"embeddable":true,"href":"https:\/\/shop.tracciatieditore.it\/index.php\/wp-json\/wp\/v2\/comments?post=441"}],"version-history":[{"count":2,"href":"https:\/\/shop.tracciatieditore.it\/index.php\/wp-json\/wp\/v2\/posts\/441\/revisions"}],"predecessor-version":[{"id":1577,"href":"https:\/\/shop.tracciatieditore.it\/index.php\/wp-json\/wp\/v2\/posts\/441\/revisions\/1577"}],"wp:attachment":[{"href":"https:\/\/shop.tracciatieditore.it\/index.php\/wp-json\/wp\/v2\/media?parent=441"}],"wp:term":[{"taxonomy":"category","embeddable":true,"href":"https:\/\/shop.tracciatieditore.it\/index.php\/wp-json\/wp\/v2\/categories?post=441"},{"taxonomy":"post_tag","embeddable":true,"href":"https:\/\/shop.tracciatieditore.it\/index.php\/wp-json\/wp\/v2\/tags?post=441"}],"curies":[{"name":"wp","href":"https:\/\/api.w.org\/{rel}","templated":true}]}}