{"id":856,"date":"2016-01-15T08:54:59","date_gmt":"2016-01-15T07:54:59","guid":{"rendered":"http:\/\/www.tracciati.eu\/?p=856"},"modified":"2020-07-17T13:17:47","modified_gmt":"2020-07-17T11:17:47","slug":"padova-e-la-grande-guerra-2","status":"publish","type":"post","link":"https:\/\/shop.tracciatieditore.it\/index.php\/2016\/01\/15\/padova-e-la-grande-guerra-2\/","title":{"rendered":"Padova e la Grande Guerra"},"content":{"rendered":"<p><span style=\"color: #ff0000;\"><strong><a style=\"color: #ff0000;\" href=\"http:\/\/www.tracciati.eu\/tracciatieditore\/index.php\/prodotto\/1435\/\">Acquista &#8220;Padova e la Grande Guerra&#8221; on line<\/a><\/p>\n<p><\/strong><\/span>anche su <a href=\"https:\/\/www.amazon.it\/Padova-Grande-guerra-percorso-storici\/dp\/8890813660\/ref=sr_1_6?__mk_it_IT=\u00c5M\u00c5\u017d\u00d5\u00d1&amp;dchild=1&amp;keywords=padova+grande+guerra&amp;qid=1594984520&amp;s=books&amp;sr=1-6\">AMAZON<\/a> e <a href=\"https:\/\/www.libreriauniversitaria.it\/padova-grande-guerra-percorso-luoghi\/libro\/9788890813665\">Libreria universitaria<\/a><\/p>\n<p><span style=\"color: #000000;\"><strong style=\"color: #003366; text-decoration: underline;\">Riedizione 2015<\/strong><strong style=\"color: #003366;\"> &#8211; <\/strong><\/span><strong style=\"color: #003366;\">A cura di Emanuele Cenghiaro, Pier Giovanni Zanetti e Silvia Zava<\/strong>\u00a0<span class=\"Apple-style-span\" style=\"color: #003366;\"><strong>con interventi di Lisa Bregantin, Alberto Espen, gen. Enrico Pino, Roberto Bettella<\/strong><\/span><\/p>\n<p><a href=\"http:\/\/www.tracciati.eu\/wp-content\/uploads\/2015\/04\/Copertina_GrandeGuerra_2015web.jpg\"><img loading=\"lazy\" decoding=\"async\" class=\"size-medium wp-image-857 alignleft\" src=\"http:\/\/www.tracciati.eu\/wp-content\/uploads\/2015\/04\/Copertina_GrandeGuerra_2015web-300x300.jpg\" alt=\"Layout 1\" width=\"300\" height=\"300\" \/><\/a><br \/>\nEsce il 15 aprile 2015, con la <a href=\"http:\/\/www.padovagrandeguerra.it\/?p=1215\">presentazione alla Casa del Mutilato di Padova (ore 16)<\/a>, la riedizione del volume &#8220;Padova e la Grande Guerra&#8221;. Non si tratta infatti di una ristampa, ma di una vera riedizione che, tenendo lo schema grafico e parte dei contenuti precedenti, ha visto una revisione dei testi e conta ben 36\u00a0pagine in pi\u00f9, in gran parte riservate\u00a0a\u00a0un capitolo praticamente nuovo: quello dedicato ai monumenti ai caduti, ora scritto da Silvia Zava.<\/p>\n<p>Aggiornate anche varie informazioni, con un maggiore sguardo verso la provincia, alle raccolte museali e alle associazioni d&#8217;Arma.<\/p>\n<p>Ecco gli argomenti trattati:<br \/>\n\u2022 Una citt\u00e0 al fronte<br \/>\n\u2022 Il Comando supremo a Padova<br \/>\n\u2022 Abano, da centro ospedaliero a sede di comandi<br \/>\n\u2022 Le residenze di re Vittorio Emanuele III<br \/>\n\u2022 Villa Giusti &#8211; Del Giardino<br \/>\n\u2022 I\u2008bombardamenti e la strage al bastione della Gatta<br \/>\n\u2022 La citt\u00e0 ospedaliera<br \/>\n\u2022 I campi di aviazione militari nel padovano<br \/>\n\u2022 Musei e Associazioni d\u2019Arma<br \/>\n\u2022 Monumenti ai Caduti<\/p>\n","protected":false},"excerpt":{"rendered":"<p>Acquista &#8220;Padova e la Grande Guerra&#8221; on line anche su AMAZON e Libreria universitaria Riedizione 2015 &#8211; A cura di Emanuele Cenghiaro, Pier Giovanni Zanetti e Silvia Zava\u00a0con interventi di Lisa Bregantin, Alberto Espen, gen. Enrico Pino, Roberto Bettella Esce il 15 aprile 2015, con la presentazione alla Casa del Mutilato di Padova (ore 16), la riedizione del volume &#8220;Padova &hellip;<\/p>\n","protected":false},"author":1,"featured_media":1203,"comment_status":"open","ping_status":"open","sticky":false,"template":"","format":"image","meta":{"footnotes":""},"categories":[93,3,26,79],"tags":[],"class_list":["post-856","post","type-post","status-publish","format-image","has-post-thumbnail","hentry","category-presentazioni","category-i-nostri-libri","category-turismoterritorio","category-ultimi-articoli","post_format-post-format-image","archive-loop-container"],"_links":{"self":[{"href":"https:\/\/shop.tracciatieditore.it\/index.php\/wp-json\/wp\/v2\/posts\/856","targetHints":{"allow":["GET"]}}],"collection":[{"href":"https:\/\/shop.tracciatieditore.it\/index.php\/wp-json\/wp\/v2\/posts"}],"about":[{"href":"https:\/\/shop.tracciatieditore.it\/index.php\/wp-json\/wp\/v2\/types\/post"}],"author":[{"embeddable":true,"href":"https:\/\/shop.tracciatieditore.it\/index.php\/wp-json\/wp\/v2\/users\/1"}],"replies":[{"embeddable":true,"href":"https:\/\/shop.tracciatieditore.it\/index.php\/wp-json\/wp\/v2\/comments?post=856"}],"version-history":[{"count":3,"href":"https:\/\/shop.tracciatieditore.it\/index.php\/wp-json\/wp\/v2\/posts\/856\/revisions"}],"predecessor-version":[{"id":2009,"href":"https:\/\/shop.tracciatieditore.it\/index.php\/wp-json\/wp\/v2\/posts\/856\/revisions\/2009"}],"wp:featuredmedia":[{"embeddable":true,"href":"https:\/\/shop.tracciatieditore.it\/index.php\/wp-json\/wp\/v2\/media\/1203"}],"wp:attachment":[{"href":"https:\/\/shop.tracciatieditore.it\/index.php\/wp-json\/wp\/v2\/media?parent=856"}],"wp:term":[{"taxonomy":"category","embeddable":true,"href":"https:\/\/shop.tracciatieditore.it\/index.php\/wp-json\/wp\/v2\/categories?post=856"},{"taxonomy":"post_tag","embeddable":true,"href":"https:\/\/shop.tracciatieditore.it\/index.php\/wp-json\/wp\/v2\/tags?post=856"}],"curies":[{"name":"wp","href":"https:\/\/api.w.org\/{rel}","templated":true}]}}